{"id":2163,"date":"2026-04-22T12:20:40","date_gmt":"2026-04-22T10:20:40","guid":{"rendered":"https:\/\/ciclibonin.it\/?p=2163"},"modified":"2026-04-22T12:20:41","modified_gmt":"2026-04-22T10:20:41","slug":"bonin-protagonista-alla-veneto-gravel-passione-e-community","status":"publish","type":"post","link":"https:\/\/ciclibonin.it\/it\/bonin-protagonista-alla-veneto-gravel-passione-e-community\/","title":{"rendered":"BONIN protagonista alla Veneto Gravel: passione e community."},"content":{"rendered":"\n<div style=\"height:38px\" aria-hidden=\"true\" class=\"wp-block-spacer\"><\/div>\n\n\n\n<p>Dal 18 al 20 Aprile Bassano del Grappa si \u00e8 trasformata nella capitale del gravel con la &#8220;<strong>Veneto Gravel<\/strong>&#8220;, uno degli eventi pi\u00f9 iconici in Europa per chi vive il ciclismo come avventura, libert\u00e0 e scoperta. Pi\u00f9 di 1700 ciclisti da tutto il mondo si sono cimentati nell&#8217;impresa, con entusiasmo e voglia di stare insieme.<\/p>\n\n\n\n<div class=\"wp-container-3 wp-block-columns\">\n<div class=\"wp-container-1 wp-block-column\" style=\"flex-basis:50%\"><div class=\"wp-block-image\">\n<figure class=\"aligncenter size-large is-resized\"><img loading=\"lazy\" src=\"https:\/\/ciclibonin.it\/wp-content\/uploads\/Ze\u0301fal-VG26-9-750x1024.png\" alt=\"\" class=\"wp-image-2164\" width=\"360\" height=\"492\" srcset=\"https:\/\/ciclibonin.it\/wp-content\/uploads\/Ze\u0301fal-VG26-9-750x1024.png 750w, https:\/\/ciclibonin.it\/wp-content\/uploads\/Ze\u0301fal-VG26-9-220x300.png 220w, https:\/\/ciclibonin.it\/wp-content\/uploads\/Ze\u0301fal-VG26-9-768x1048.png 768w, https:\/\/ciclibonin.it\/wp-content\/uploads\/Ze\u0301fal-VG26-9.png 1025w\" sizes=\"(max-width: 360px) 100vw, 360px\" \/><\/figure><\/div><\/div>\n\n\n\n<div class=\"wp-container-2 wp-block-column\" style=\"flex-basis:50%\"><div class=\"wp-block-image\">\n<figure class=\"aligncenter size-large is-resized\"><img loading=\"lazy\" src=\"https:\/\/ciclibonin.it\/wp-content\/uploads\/Ze\u0301fal-VG26-9-750x1024.jpg\" alt=\"\" class=\"wp-image-2166\" width=\"359\" height=\"490\" srcset=\"https:\/\/ciclibonin.it\/wp-content\/uploads\/Ze\u0301fal-VG26-9-750x1024.jpg 750w, https:\/\/ciclibonin.it\/wp-content\/uploads\/Ze\u0301fal-VG26-9-220x300.jpg 220w, https:\/\/ciclibonin.it\/wp-content\/uploads\/Ze\u0301fal-VG26-9-768x1048.jpg 768w, https:\/\/ciclibonin.it\/wp-content\/uploads\/Ze\u0301fal-VG26-9.jpg 1025w\" sizes=\"(max-width: 359px) 100vw, 359px\" \/><\/figure><\/div><\/div>\n<\/div>\n\n\n\n<p>Giunta alla sua decima edizione, la Veneto Gravel \u00e8 tutto tranne che una gara: niente cronometro, niente classifiche. Solo una traccia GPS, tanta voglia di partire e centinaia di rider da oltre <strong>20 Paesi<\/strong> pronti a mettersi in viaggio. Dai percorsi pi\u00f9 \u201cshort\u201d da circa 200 km fino alla Classic da oltre 700 km, ognuno sceglie il proprio ritmo e la propria sfida, attraversando il meglio del Veneto tra sterrati, strade bianche e panorami incredibili.<\/p>\n\n\n\n<p>In questo contesto, <strong>BONIN<\/strong> non poteva mancare.<\/p>\n\n\n\n<div style=\"height:38px\" aria-hidden=\"true\" class=\"wp-block-spacer\"><\/div>\n\n\n\n<p>Grazie alla partnership con il brand <strong>Z\u00e9fal<\/strong> \u2013 distribuito in esclusiva da Bonin \u2013 abbiamo contribuito all\u2019esperienza di ogni rider distribuendo le <strong>borracce ufficiali<\/strong> alla partenza. Un dettaglio semplice, ma fondamentale quando hai centinaia di chilometri davanti.<\/p>\n\n\n\n<div class=\"wp-container-6 wp-block-columns\">\n<div class=\"wp-container-4 wp-block-column\">\n<figure class=\"wp-block-image size-large\"><img loading=\"lazy\" width=\"1024\" height=\"683\" src=\"https:\/\/ciclibonin.it\/wp-content\/uploads\/Ze\u0301fal-VG26-8-1024x683.jpg\" alt=\"\" class=\"wp-image-2168\" srcset=\"https:\/\/ciclibonin.it\/wp-content\/uploads\/Ze\u0301fal-VG26-8-1024x683.jpg 1024w, https:\/\/ciclibonin.it\/wp-content\/uploads\/Ze\u0301fal-VG26-8-300x200.jpg 300w, https:\/\/ciclibonin.it\/wp-content\/uploads\/Ze\u0301fal-VG26-8-768x512.jpg 768w, https:\/\/ciclibonin.it\/wp-content\/uploads\/Ze\u0301fal-VG26-8-1536x1024.jpg 1536w, https:\/\/ciclibonin.it\/wp-content\/uploads\/Ze\u0301fal-VG26-8-2048x1365.jpg 2048w\" sizes=\"(max-width: 1024px) 100vw, 1024px\" \/><\/figure>\n<\/div>\n\n\n\n<div class=\"wp-container-5 wp-block-column\">\n<figure class=\"wp-block-image size-large\"><img loading=\"lazy\" width=\"1024\" height=\"683\" src=\"https:\/\/ciclibonin.it\/wp-content\/uploads\/Ze\u0301fal-VG26-10-1024x683.jpg\" alt=\"\" class=\"wp-image-2170\" srcset=\"https:\/\/ciclibonin.it\/wp-content\/uploads\/Ze\u0301fal-VG26-10-1024x683.jpg 1024w, https:\/\/ciclibonin.it\/wp-content\/uploads\/Ze\u0301fal-VG26-10-300x200.jpg 300w, https:\/\/ciclibonin.it\/wp-content\/uploads\/Ze\u0301fal-VG26-10-768x512.jpg 768w, https:\/\/ciclibonin.it\/wp-content\/uploads\/Ze\u0301fal-VG26-10-1536x1024.jpg 1536w, https:\/\/ciclibonin.it\/wp-content\/uploads\/Ze\u0301fal-VG26-10-2048x1365.jpg 2048w\" sizes=\"(max-width: 1024px) 100vw, 1024px\" \/><\/figure>\n<\/div>\n<\/div>\n\n\n\n<p>Ma non finisce qui. Al nostro stand, nel cuore del village, abbiamo portato una selezione di prodotti Z\u00e9fal pensati per il bikepacking: soluzioni pratiche, smart e perfette per chi ama viaggiare leggero senza rinunciare a nulla.<\/p>\n\n\n\n<p>Insieme a Z\u00e9fal, spazio anche agli pneumatici <strong>Schwalbe<\/strong> dedicati al gravel e alle bici gravel <strong>Kross<\/strong>, che hanno attirato tantissimi curiosi e appassionati. \u00c8 stato bello fermarsi a parlare con chi il gravel lo vive davvero, scambiarsi idee, esperienze e, perch\u00e9 no, anche qualche consiglio di viaggio.<\/p>\n\n\n\n<figure class=\"wp-block-image size-large\"><img loading=\"lazy\" width=\"1024\" height=\"576\" src=\"https:\/\/ciclibonin.it\/wp-content\/uploads\/veneto-gravel-1024x576.png\" alt=\"\" class=\"wp-image-2173\" srcset=\"https:\/\/ciclibonin.it\/wp-content\/uploads\/veneto-gravel-1024x576.png 1024w, https:\/\/ciclibonin.it\/wp-content\/uploads\/veneto-gravel-300x169.png 300w, https:\/\/ciclibonin.it\/wp-content\/uploads\/veneto-gravel-768x432.png 768w, https:\/\/ciclibonin.it\/wp-content\/uploads\/veneto-gravel-1536x864.png 1536w, https:\/\/ciclibonin.it\/wp-content\/uploads\/veneto-gravel.png 1900w\" sizes=\"(max-width: 1024px) 100vw, 1024px\" \/><\/figure>\n\n\n\n<p>La Veneto Gravel \u00e8 questo: community, condivisione e pura passione per la bici.<\/p>\n\n\n\n<div style=\"height:38px\" aria-hidden=\"true\" class=\"wp-block-spacer\"><\/div>\n\n\n\n<p>E noi siamo gi\u00e0 pronti per la prossima avventura!<\/p>\n","protected":false},"excerpt":{"rendered":"<p>Dal 18 al 20 Aprile Bassano del Grappa si \u00e8 trasformata nella capitale del gravel con la &#8220;Veneto Gravel&#8220;, uno degli eventi pi\u00f9 iconici in Europa per chi vive il ciclismo come avventura, libert\u00e0 e scoperta. Pi\u00f9 di 1700 ciclisti da tutto il mondo si sono cimentati nell&#8217;impresa, con entusiasmo e voglia di stare insieme. [&hellip;]<\/p>\n","protected":false},"author":5,"featured_media":2170,"comment_status":"open","ping_status":"open","sticky":false,"template":"","format":"standard","meta":{"inline_featured_image":false,"_monsterinsights_skip_tracking":false,"_monsterinsights_sitenote_active":false,"_monsterinsights_sitenote_note":"","_monsterinsights_sitenote_category":0},"categories":[1],"tags":[24,22,13],"acf":[],"_links":{"self":[{"href":"https:\/\/ciclibonin.it\/it\/wp-json\/wp\/v2\/posts\/2163"}],"collection":[{"href":"https:\/\/ciclibonin.it\/it\/wp-json\/wp\/v2\/posts"}],"about":[{"href":"https:\/\/ciclibonin.it\/it\/wp-json\/wp\/v2\/types\/post"}],"author":[{"embeddable":true,"href":"https:\/\/ciclibonin.it\/it\/wp-json\/wp\/v2\/users\/5"}],"replies":[{"embeddable":true,"href":"https:\/\/ciclibonin.it\/it\/wp-json\/wp\/v2\/comments?post=2163"}],"version-history":[{"count":4,"href":"https:\/\/ciclibonin.it\/it\/wp-json\/wp\/v2\/posts\/2163\/revisions"}],"predecessor-version":[{"id":2177,"href":"https:\/\/ciclibonin.it\/it\/wp-json\/wp\/v2\/posts\/2163\/revisions\/2177"}],"wp:featuredmedia":[{"embeddable":true,"href":"https:\/\/ciclibonin.it\/it\/wp-json\/wp\/v2\/media\/2170"}],"wp:attachment":[{"href":"https:\/\/ciclibonin.it\/it\/wp-json\/wp\/v2\/media?parent=2163"}],"wp:term":[{"taxonomy":"category","embeddable":true,"href":"https:\/\/ciclibonin.it\/it\/wp-json\/wp\/v2\/categories?post=2163"},{"taxonomy":"post_tag","embeddable":true,"href":"https:\/\/ciclibonin.it\/it\/wp-json\/wp\/v2\/tags?post=2163"}],"curies":[{"name":"wp","href":"https:\/\/api.w.org\/{rel}","templated":true}]}}